{"id":404,"date":"2023-10-03T11:49:46","date_gmt":"2023-10-03T09:49:46","guid":{"rendered":"https:\/\/www.patriciafink.fr\/?p=404"},"modified":"2026-04-03T15:33:45","modified_gmt":"2026-04-03T13:33:45","slug":"escale-beaute-et-un-instant-zen-en-bretagne","status":"publish","type":"post","link":"https:\/\/www.patriciafink.fr\/index.php\/2023\/10\/03\/escale-beaute-et-un-instant-zen-en-bretagne\/","title":{"rendered":"Escale beaut\u00e9 et un instant zen en Bretagne. Prestations et Tarifs."},"content":{"rendered":"<p>Faites une escale beaut\u00e9 et un instant zen, lors d&rsquo;une s\u00e9ance d&rsquo;hypnoth\u00e9rapie ou d&rsquo;une prestation esth\u00e9tique \u00e0 Parthenay-de-Bretagne \u00e0 c\u00f4t\u00e9 de Rennes. L&rsquo;ensemble de mes produits et parfums ont \u00e9t\u00e9 choisis avec soins pour vous offrir des produits esth\u00e9tiques de qualit\u00e9 professionnelle et efficaces. La majorit\u00e9 sont disponibles sur le site en ligne :<strong> <a href=\"https:\/\/www.vernisongles.fr\/\" target=\"_blank\" rel=\"noopener\">Vernisongles.fr<\/a><\/strong><!--more--><\/p>\n<h1>Escale beaut\u00e9 et un instant zen<\/h1>\n<p>Soins esth\u00e9tiques et Hypnoth\u00e9rapie font bon m\u00e9nage ! C\u2019est une mani\u00e8re de prendre soin de soi et de se r\u00e9concilier avec son corps. Image de soi et confiance en soi n\u2019auront pour vous, plus aucun secret. Vous pouvez prendre un rendez-vous en hypnose th\u00e9rapeutique simple, le combiner \u00e0 un soin esth\u00e9tique ou tout simplement choisir une prestation esth\u00e9tique classique.<\/p>\n<p><img loading=\"lazy\" decoding=\"async\" class=\"aligncenter wp-image-372 size-full\" title=\"Soins esth\u00e9tiques et hypnoth\u00e9rapie. Escale beaut\u00e9 et instant zen\" src=\"https:\/\/www.patriciafink.fr\/wp-content\/uploads\/2023\/10\/cropped-iStock-1440149694.jpg\" alt=\"Soins esth\u00e9tiques et hypnoth\u00e9rapie. Escale beaut\u00e9 et instant zen\" width=\"2000\" height=\"1334\" srcset=\"https:\/\/www.patriciafink.fr\/wp-content\/uploads\/2023\/10\/cropped-iStock-1440149694.jpg 2000w, https:\/\/www.patriciafink.fr\/wp-content\/uploads\/2023\/10\/cropped-iStock-1440149694-300x200.jpg 300w, https:\/\/www.patriciafink.fr\/wp-content\/uploads\/2023\/10\/cropped-iStock-1440149694-1024x683.jpg 1024w, https:\/\/www.patriciafink.fr\/wp-content\/uploads\/2023\/10\/cropped-iStock-1440149694-768x512.jpg 768w, https:\/\/www.patriciafink.fr\/wp-content\/uploads\/2023\/10\/cropped-iStock-1440149694-1536x1025.jpg 1536w\" sizes=\"auto, (max-width: 767px) 89vw, (max-width: 1000px) 54vw, (max-width: 1071px) 543px, 580px\" \/><\/p>\n<h2>Escale beaut\u00e9 et un instant zen &#8211; Horaires d&rsquo;ouverture<\/h2>\n<ul>\n<li><a href=\"https:\/\/www.hypnose-enchantee.fr\/les-therapeutes-reunis\/\" target=\"_blank\" rel=\"noopener\">Le cabinet FINK &amp; CAZORLA<\/a>. Hypnoth\u00e9rapie et hypnose th\u00e9rapeutique de Parthenay-de-Bretagne est ouvert du lundi au vendredi de 10h \u00e0 18h et le samedi matin sur demande.<\/li>\n<li>Institut FINK Patricia, l&rsquo;expertise des soins esth\u00e9tiques de Parthenay-de-Bretagne est ouvert du lundi au vendredi de 10h \u00e0 18h et le samedi sur demande.<\/li>\n<li>Rendez-vous possible \u00e0 Auray (56) le lundi, <a class=\"x1i10hfl xjbqb8w x6umtig x1b1mbwd xaqea5y xav7gou x9f619 x1ypdohk xt0psk2 xe8uvvx xdj266r x11i5rnm xat24cr x1mh8g0r xexx8yu x4uap5 x18d9i69 xkhd6sd x16tdsg8 x1hl2dhg xggy1nq x1a2a7pz xt0b8zv x1qq9wsj xo1l8bm\" tabindex=\"0\" role=\"link\" href=\"https:\/\/www.facebook.com\/Rostrenen-108060489222726\/?__cft__[0]=AZUXSk7K67YpYugUGOfB0UpsTYF0524quOynMDoKOwMQ2d2djv6qUwYpCiqr7RPO1PI9azVK75H20h01rHPyxdzCBaYB8HxsqqWkY6M50bc9jONcsIJYEVibdZ92K55bDTbZrym_0KVr_L5dQD6T-pEQExuk4LAIdX1mgZ07Pcj-CpQ9VofJYDGXIhfpd3cRkW0&amp;__tn__=kK-R\"><span class=\"xt0psk2\">Rostrenen<\/span><\/a> (22110) ou encore \u00e0 <a class=\"x1i10hfl xjbqb8w x6umtig x1b1mbwd xaqea5y xav7gou x9f619 x1ypdohk xt0psk2 xe8uvvx xdj266r x11i5rnm xat24cr x1mh8g0r xexx8yu x4uap5 x18d9i69 xkhd6sd x16tdsg8 x1hl2dhg xggy1nq x1a2a7pz xt0b8zv x1qq9wsj xo1l8bm\" tabindex=\"0\" role=\"link\" href=\"https:\/\/www.facebook.com\/profile.php?id=100090525982679&amp;__cft__[0]=AZUXSk7K67YpYugUGOfB0UpsTYF0524quOynMDoKOwMQ2d2djv6qUwYpCiqr7RPO1PI9azVK75H20h01rHPyxdzCBaYB8HxsqqWkY6M50bc9jONcsIJYEVibdZ92K55bDTbZrym_0KVr_L5dQD6T-pEQExuk4LAIdX1mgZ07Pcj-CpQ9VofJYDGXIhfpd3cRkW0&amp;__tn__=-]K-R\"><span class=\"xt0psk2\">La Boutique \u00e9ph\u00e9m\u00e8re de Le Faou\u00ebt<\/span><\/a>, \u00e0 <a class=\"x1i10hfl xjbqb8w x6umtig x1b1mbwd xaqea5y xav7gou x9f619 x1ypdohk xt0psk2 xe8uvvx xdj266r x11i5rnm xat24cr x1mh8g0r xexx8yu x4uap5 x18d9i69 xkhd6sd x16tdsg8 x1hl2dhg xggy1nq x1a2a7pz xt0b8zv x1qq9wsj xo1l8bm\" tabindex=\"0\" role=\"link\" href=\"https:\/\/www.facebook.com\/Le-Faou%C3%ABt-Bretagne-France-110458122306258\/?__cft__[0]=AZUXSk7K67YpYugUGOfB0UpsTYF0524quOynMDoKOwMQ2d2djv6qUwYpCiqr7RPO1PI9azVK75H20h01rHPyxdzCBaYB8HxsqqWkY6M50bc9jONcsIJYEVibdZ92K55bDTbZrym_0KVr_L5dQD6T-pEQExuk4LAIdX1mgZ07Pcj-CpQ9VofJYDGXIhfpd3cRkW0&amp;__tn__=kK-R\"><span class=\"xt0psk2\">Le Faou\u00ebt, Bretagne, France<\/span><\/a>(56320) 1 \u00e0 2 fois par mois sur rendez-vous group\u00e9s.<\/li>\n<\/ul>\n<div dir=\"auto\">Pour un rendez-vous, des informations, une formation ou m\u00eame une demande particuli\u00e8re, vous pouvez me joindre par :<\/div>\n<ul>\n<li dir=\"auto\">Le <a href=\"https:\/\/www.patriciafink.fr\/index.php\/contacts-et-liens-divers\/\" target=\"_blank\" rel=\"noopener\">formulaire de contact de\u00a0 ce site.<\/a><\/li>\n<li dir=\"auto\">Et si vous n\u2019obtenez pas de r\u00e9ponse sous 24h, contactez moi par mail \u00e0 : contactvernisongles@gmail.com<\/li>\n<li dir=\"auto\">Ou encore par t\u00e9l\u00e9phone et WhattApps au 06-80-31-50-75<\/li>\n<\/ul>\n<p><img loading=\"lazy\" decoding=\"async\" class=\"aligncenter wp-image-416 size-large\" title=\"Soins esth\u00e9tiques et hypnoth\u00e9rapie. Escale beaut\u00e9 et instant zen\" src=\"https:\/\/www.patriciafink.fr\/wp-content\/uploads\/2023\/10\/writing-933262_1280-1024x682.jpg\" alt=\"Institut de beaut\u00e9 : Soins du visage a Parthenay-de-Bretagne\" width=\"525\" height=\"350\" srcset=\"https:\/\/www.patriciafink.fr\/wp-content\/uploads\/2023\/10\/writing-933262_1280-1024x682.jpg 1024w, https:\/\/www.patriciafink.fr\/wp-content\/uploads\/2023\/10\/writing-933262_1280-300x200.jpg 300w, https:\/\/www.patriciafink.fr\/wp-content\/uploads\/2023\/10\/writing-933262_1280-768x512.jpg 768w, https:\/\/www.patriciafink.fr\/wp-content\/uploads\/2023\/10\/writing-933262_1280.jpg 1280w\" sizes=\"auto, (max-width: 525px) 100vw, 525px\" \/><\/p>\n<h2>Prestations en hypnoth\u00e9rapie<\/h2>\n<p>S\u00e9ance d\u2019hypnoth\u00e9rapie en cabinet ou par internet : 80\u20acTTC<\/p>\n<p>Les <strong>s\u00e9ances d\u2019hypnose<\/strong> permettent de vous auto g\u00e9rer, par l\u2019Auto-Hypnose et pour des r\u00e9sultats visibles des la premi\u00e8re s\u00e9ance.<\/p>\n<p>L\u2019hypnoth\u00e9rapie ou l\u2019hypnose th\u00e9rapeutique ne peut se substituer \u00e0 un traitement m\u00e9dical. Cependant, l\u2019hypnose th\u00e9rapeutique peut \u00eatre d\u2019une aide pr\u00e9cieuse. G\u00e9rer son stress, arr\u00eat du tabac, perdre du poids, lutter contre les phobies, les angoisses. Ou encore pour retrouver le sommeil, faire face \u00e0 un deuil ou \u00e0 une s\u00e9paration. Enfin pour d\u00e9velopper ses capacit\u00e9s, physiques ou intellectuelles. On peut consid\u00e9rer que l\u2019hypnose th\u00e9rapeutique peut intervenir d\u2019une fa\u00e7on b\u00e9n\u00e9fique dans un bon nombre de pathologies.<\/p>\n<p><img loading=\"lazy\" decoding=\"async\" class=\"aligncenter wp-image-411 size-full\" title=\"Soins esth\u00e9tiques et hypnoth\u00e9rapie. Escale beaut\u00e9 et instant zen\" src=\"https:\/\/www.patriciafink.fr\/wp-content\/uploads\/2023\/10\/meditation-2262835_1920-2.jpg\" alt=\"Soins esth\u00e9tiques et hypnoth\u00e9rapie. Escale beaut\u00e9 et instant zen\" width=\"600\" height=\"262\" srcset=\"https:\/\/www.patriciafink.fr\/wp-content\/uploads\/2023\/10\/meditation-2262835_1920-2.jpg 600w, https:\/\/www.patriciafink.fr\/wp-content\/uploads\/2023\/10\/meditation-2262835_1920-2-300x131.jpg 300w\" sizes=\"auto, (max-width: 600px) 100vw, 600px\" \/><\/p>\n<h2>Prestations en esth\u00e9tiques et tarifs<\/h2>\n<p>Pour les soins esth\u00e9tiques j&rsquo;ai s\u00e9lectionn\u00e9 <strong>Naolya<\/strong>, marque cr\u00e9\u00e9e en 2015 qui a la volont\u00e9 d\u2019accompagner les femmes dans leur routine de soins esth\u00e9tiques. Pas de superflu, juste l\u2019essentiel pour vous offrir une bulle de d\u00e9tente parfaite. Naolya, c&rsquo;est 100% familiale et made in France.<\/p>\n<p>Distributrice des produits <strong>JUST France<\/strong> \u00e0 Parthenay de Bretagne<\/p>\n<p>Le Mono\u00ef c\u00f4toie la Tiar\u00e9 et le Karit\u00e9 avec Naturado en Provence ou encore soleil des Iles et Mahana.<\/p>\n<p>Pour les vernis et semi-permanent, j&rsquo;utilise les marques Kinetics, Indigo, A England que vous pouvez retrouver sur<a href=\"https:\/\/www.vernisongles.fr\/\" target=\"_blank\" rel=\"noopener\"> la boutique en ligne<\/a>.<\/p>\n<h2>Escale beaut\u00e9 et un instant zen : Tarifs<\/h2>\n<p>Manucure et pose de vernis \u00e0 ongles classique : 30\u20ac<\/p>\n<p>Soin des mains complet et pose de vernis classique : 50\u20ac<\/p>\n<p>Soin des pieds complet et pose de vernis classique : 50\u20ac<\/p>\n<p>Pose de vernis \u00e0 ongles classique + base + top coat : 15\u20ac<\/p>\n<p>Pose de vernis \u00e0 ongles semi-permanent : 40\u20ac<\/p>\n<p>D\u00e9pose de semi-permanent + pose : 45\u20ac \u2013 D\u00e9pose gel + soins des ongles naturels : 30\u20ac \u2013 D\u00e9pose semi-permanent + soins des ongles naturels : 20\u20ac<\/p>\n<p>Pose Am\u00e9ricaine + gainage renforc\u00e9 : 60\u20ac<\/p>\n<p>Pose chablons + gainage renforc\u00e9 : 70\u20ac<\/p>\n<p>Remplissage + gainage renforc\u00e9 : 50\u20ac<\/p>\n<p>Conseil en Maquillage + maquillage : 45\u20ac<\/p>\n<p>Maquillage Flash : 20\u20ac \u2013 Maquillage Jour : 35\u20ac \u2013 Maquillage Soir : 45\u20ac<\/p>\n<p>Soin visage : Soin sublimateur \u2013 Gommage et Modelage : 40\u20ac<\/p>\n<p>Gommage, modelage, masque, appareil soit un soin complet : 60\u20ac<\/p>\n<p>Soin complet Anti-Age visage (Gommage, modelage, masque) : 70\u20ac<\/p>\n<p>Drainage Lymphatique Esth\u00e9tique m\u00e9thode Vodder : Visage et Corps 80\u20ac &#8211; Visage seul 40\u20ac &#8211; Forfait 3 s\u00e9ances visage et corps : 240\u20ac +\u00a0 application d&rsquo;un soin minceur ou hydratant au choix \u00e0 chaque massage. Soins r\u00e9serv\u00e9s uniquement \u00e0 la client\u00e8le f\u00e9minine.<\/p>\n<p>Points Knap : Acupression 40\u20ac. Forfait 3 s\u00e9ances 120\u20ac et 1 modelage des pieds offert avec soin hydratant et nourrissant.<\/p>\n<p>Spa Ionique pieds : 30\u20ac. Forfait 5 s\u00e9ances 120\u20ac<\/p>\n<p>Massages non th\u00e9rapeutique.<\/p>\n<p>&nbsp;<\/p>\n<p><img loading=\"lazy\" decoding=\"async\" class=\"aligncenter wp-image-415 size-full\" title=\"Institut de beaut\u00e9 : Soins du visage a Parthenay-de-Bretagne\" src=\"https:\/\/www.patriciafink.fr\/wp-content\/uploads\/2023\/10\/iStock-517270486.jpg\" alt=\"Institut de beaut\u00e9 : Soins du visage a Parthenay-de-Bretagne\" width=\"2121\" height=\"1414\" srcset=\"https:\/\/www.patriciafink.fr\/wp-content\/uploads\/2023\/10\/iStock-517270486.jpg 2121w, https:\/\/www.patriciafink.fr\/wp-content\/uploads\/2023\/10\/iStock-517270486-300x200.jpg 300w, https:\/\/www.patriciafink.fr\/wp-content\/uploads\/2023\/10\/iStock-517270486-1024x683.jpg 1024w, https:\/\/www.patriciafink.fr\/wp-content\/uploads\/2023\/10\/iStock-517270486-768x512.jpg 768w, https:\/\/www.patriciafink.fr\/wp-content\/uploads\/2023\/10\/iStock-517270486-1536x1024.jpg 1536w, https:\/\/www.patriciafink.fr\/wp-content\/uploads\/2023\/10\/iStock-517270486-2048x1365.jpg 2048w\" sizes=\"auto, (max-width: 767px) 89vw, (max-width: 1000px) 54vw, (max-width: 1071px) 543px, 580px\" \/><\/p>\n<p>&nbsp;<\/p>\n<p>&nbsp;<\/p>\n","protected":false},"excerpt":{"rendered":"<p>Faites une escale beaut\u00e9 et un instant zen, lors d&rsquo;une s\u00e9ance d&rsquo;hypnoth\u00e9rapie ou d&rsquo;une prestation esth\u00e9tique \u00e0 Parthenay-de-Bretagne \u00e0 c\u00f4t\u00e9 de Rennes. L&rsquo;ensemble de mes produits et parfums ont \u00e9t\u00e9 choisis avec soins pour vous offrir des produits esth\u00e9tiques de qualit\u00e9 professionnelle et efficaces. La majorit\u00e9 sont disponibles sur le site en ligne : Vernisongles.fr<\/p>\n","protected":false},"author":1,"featured_media":380,"comment_status":"open","ping_status":"open","sticky":false,"template":"","format":"standard","meta":{"footnotes":""},"categories":[1,39],"tags":[42,48,49,47,40,43,50,41,44,45,46],"class_list":["post-404","post","type-post","status-publish","format-standard","has-post-thumbnail","hentry","category-hypnose-therapeutique","category-soins-esthetique-escale-beaute-et-instant-zen","tag-esthetique","tag-hypnose-a-parthenay-de-bretagne","tag-hypnotherapeute-parthenay-de-bretagne","tag-institu-de-beaute-a-parthenay-de-bretagne","tag-institut-de-beaute","tag-pose-d-ongles-parthenay-de-bretagne","tag-prothesiste-ngulaire-parthenay-de-bretagne","tag-soins-anti-age","tag-soins-des-mains","tag-soins-des-pieds","tag-soins-du-visage"],"yoast_head":"<!-- This site is optimized with the Yoast SEO plugin v27.3 - https:\/\/yoast.com\/product\/yoast-seo-wordpress\/ -->\n<title>Escale beaut\u00e9 et un instant zen<\/title>\n<meta name=\"description\" content=\"Escale beaut\u00e9 et un instant zen. D\u00e9contractez-vous lors d&#039;un soin esth\u00e9tique, d&#039;une pose d&#039;ongles ou d\u2019une s\u00e9ance d&#039;hypnoth\u00e9rapie en Bretagne.\" \/>\n<meta name=\"robots\" content=\"index, follow, max-snippet:-1, max-image-preview:large, max-video-preview:-1\" \/>\n<link rel=\"canonical\" href=\"https:\/\/www.patriciafink.fr\/index.php\/2023\/10\/03\/escale-beaute-et-un-instant-zen-en-bretagne\/\" \/>\n<meta property=\"og:locale\" content=\"fr_FR\" \/>\n<meta property=\"og:type\" content=\"article\" \/>\n<meta property=\"og:title\" content=\"Escale beaut\u00e9 et un instant zen\" \/>\n<meta property=\"og:description\" content=\"Escale beaut\u00e9 et un instant zen. D\u00e9contractez-vous lors d&#039;un soin esth\u00e9tique, d&#039;une pose d&#039;ongles ou d\u2019une s\u00e9ance d&#039;hypnoth\u00e9rapie en Bretagne.\" \/>\n<meta property=\"og:url\" content=\"https:\/\/www.patriciafink.fr\/index.php\/2023\/10\/03\/escale-beaute-et-un-instant-zen-en-bretagne\/\" \/>\n<meta property=\"og:site_name\" content=\"Patricia Fink\" \/>\n<meta property=\"article:author\" content=\"https:\/\/www.facebook.com\/patricia.gautonfinkblin\/\" \/>\n<meta property=\"article:published_time\" content=\"2023-10-03T09:49:46+00:00\" \/>\n<meta property=\"article:modified_time\" content=\"2026-04-03T13:33:45+00:00\" \/>\n<meta property=\"og:image\" content=\"https:\/\/www.patriciafink.fr\/wp-content\/uploads\/2023\/10\/iStock-921797362.jpg\" \/>\n\t<meta property=\"og:image:width\" content=\"2121\" \/>\n\t<meta property=\"og:image:height\" content=\"1414\" \/>\n\t<meta property=\"og:image:type\" content=\"image\/jpeg\" \/>\n<meta name=\"author\" content=\"Patricia FINK\" \/>\n<meta name=\"twitter:card\" content=\"summary_large_image\" \/>\n<meta name=\"twitter:label1\" content=\"\u00c9crit par\" \/>\n\t<meta name=\"twitter:data1\" content=\"Patricia FINK\" \/>\n\t<meta name=\"twitter:label2\" content=\"Dur\u00e9e de lecture estim\u00e9e\" \/>\n\t<meta name=\"twitter:data2\" content=\"5 minutes\" \/>\n<script type=\"application\/ld+json\" class=\"yoast-schema-graph\">{\"@context\":\"https:\\\/\\\/schema.org\",\"@graph\":[{\"@type\":\"Article\",\"@id\":\"https:\\\/\\\/www.patriciafink.fr\\\/index.php\\\/2023\\\/10\\\/03\\\/escale-beaute-et-un-instant-zen-en-bretagne\\\/#article\",\"isPartOf\":{\"@id\":\"https:\\\/\\\/www.patriciafink.fr\\\/index.php\\\/2023\\\/10\\\/03\\\/escale-beaute-et-un-instant-zen-en-bretagne\\\/\"},\"author\":{\"name\":\"Patricia FINK\",\"@id\":\"https:\\\/\\\/www.patriciafink.fr\\\/#\\\/schema\\\/person\\\/9754a9ce04dbf906cbe567423bf8ca76\"},\"headline\":\"Escale beaut\u00e9 et un instant zen en Bretagne. Prestations et Tarifs.\",\"datePublished\":\"2023-10-03T09:49:46+00:00\",\"dateModified\":\"2026-04-03T13:33:45+00:00\",\"mainEntityOfPage\":{\"@id\":\"https:\\\/\\\/www.patriciafink.fr\\\/index.php\\\/2023\\\/10\\\/03\\\/escale-beaute-et-un-instant-zen-en-bretagne\\\/\"},\"wordCount\":715,\"commentCount\":0,\"image\":{\"@id\":\"https:\\\/\\\/www.patriciafink.fr\\\/index.php\\\/2023\\\/10\\\/03\\\/escale-beaute-et-un-instant-zen-en-bretagne\\\/#primaryimage\"},\"thumbnailUrl\":\"https:\\\/\\\/www.patriciafink.fr\\\/wp-content\\\/uploads\\\/2023\\\/10\\\/iStock-921797362.jpg\",\"keywords\":[\"esthetique\",\"hypnose a parthenay de bretagne\",\"hypnoth\u00e9rapeute parthenay de bretagne\",\"institu de beaut\u00e9 a parthenay de bretagne\",\"institut de beaut\u00e9\",\"pose d ongles parthenay de bretagne\",\"proth\u00e9siste ngulaire parthenay de bretagne\",\"soins anti age\",\"soins des mains\",\"soins des pieds\",\"soins du visage\"],\"articleSection\":[\"Hypnose th\u00e9rapeutique\",\"Soins esth\u00e9tique - Escale beaut\u00e9 et instant zen\"],\"inLanguage\":\"fr-FR\",\"potentialAction\":[{\"@type\":\"CommentAction\",\"name\":\"Comment\",\"target\":[\"https:\\\/\\\/www.patriciafink.fr\\\/index.php\\\/2023\\\/10\\\/03\\\/escale-beaute-et-un-instant-zen-en-bretagne\\\/#respond\"]}]},{\"@type\":\"WebPage\",\"@id\":\"https:\\\/\\\/www.patriciafink.fr\\\/index.php\\\/2023\\\/10\\\/03\\\/escale-beaute-et-un-instant-zen-en-bretagne\\\/\",\"url\":\"https:\\\/\\\/www.patriciafink.fr\\\/index.php\\\/2023\\\/10\\\/03\\\/escale-beaute-et-un-instant-zen-en-bretagne\\\/\",\"name\":\"Escale beaut\u00e9 et un instant zen\",\"isPartOf\":{\"@id\":\"https:\\\/\\\/www.patriciafink.fr\\\/#website\"},\"primaryImageOfPage\":{\"@id\":\"https:\\\/\\\/www.patriciafink.fr\\\/index.php\\\/2023\\\/10\\\/03\\\/escale-beaute-et-un-instant-zen-en-bretagne\\\/#primaryimage\"},\"image\":{\"@id\":\"https:\\\/\\\/www.patriciafink.fr\\\/index.php\\\/2023\\\/10\\\/03\\\/escale-beaute-et-un-instant-zen-en-bretagne\\\/#primaryimage\"},\"thumbnailUrl\":\"https:\\\/\\\/www.patriciafink.fr\\\/wp-content\\\/uploads\\\/2023\\\/10\\\/iStock-921797362.jpg\",\"datePublished\":\"2023-10-03T09:49:46+00:00\",\"dateModified\":\"2026-04-03T13:33:45+00:00\",\"author\":{\"@id\":\"https:\\\/\\\/www.patriciafink.fr\\\/#\\\/schema\\\/person\\\/9754a9ce04dbf906cbe567423bf8ca76\"},\"description\":\"Escale beaut\u00e9 et un instant zen. D\u00e9contractez-vous lors d'un soin esth\u00e9tique, d'une pose d'ongles ou d\u2019une s\u00e9ance d'hypnoth\u00e9rapie en Bretagne.\",\"breadcrumb\":{\"@id\":\"https:\\\/\\\/www.patriciafink.fr\\\/index.php\\\/2023\\\/10\\\/03\\\/escale-beaute-et-un-instant-zen-en-bretagne\\\/#breadcrumb\"},\"inLanguage\":\"fr-FR\",\"potentialAction\":[{\"@type\":\"ReadAction\",\"target\":[\"https:\\\/\\\/www.patriciafink.fr\\\/index.php\\\/2023\\\/10\\\/03\\\/escale-beaute-et-un-instant-zen-en-bretagne\\\/\"]}]},{\"@type\":\"ImageObject\",\"inLanguage\":\"fr-FR\",\"@id\":\"https:\\\/\\\/www.patriciafink.fr\\\/index.php\\\/2023\\\/10\\\/03\\\/escale-beaute-et-un-instant-zen-en-bretagne\\\/#primaryimage\",\"url\":\"https:\\\/\\\/www.patriciafink.fr\\\/wp-content\\\/uploads\\\/2023\\\/10\\\/iStock-921797362.jpg\",\"contentUrl\":\"https:\\\/\\\/www.patriciafink.fr\\\/wp-content\\\/uploads\\\/2023\\\/10\\\/iStock-921797362.jpg\",\"width\":2121,\"height\":1414,\"caption\":\"Beautiful woman at a facial massage at a spa salon.\"},{\"@type\":\"BreadcrumbList\",\"@id\":\"https:\\\/\\\/www.patriciafink.fr\\\/index.php\\\/2023\\\/10\\\/03\\\/escale-beaute-et-un-instant-zen-en-bretagne\\\/#breadcrumb\",\"itemListElement\":[{\"@type\":\"ListItem\",\"position\":1,\"name\":\"Accueil\",\"item\":\"https:\\\/\\\/www.patriciafink.fr\\\/\"},{\"@type\":\"ListItem\",\"position\":2,\"name\":\"Escale beaut\u00e9 et un instant zen en Bretagne. Prestations et Tarifs.\"}]},{\"@type\":\"WebSite\",\"@id\":\"https:\\\/\\\/www.patriciafink.fr\\\/#website\",\"url\":\"https:\\\/\\\/www.patriciafink.fr\\\/\",\"name\":\"Patricia Fink\",\"description\":\"Hypnoth\u00e9rapie et esth\u00e9tique. D\u00e9velopper son potentiel ainsi que ses comp\u00e9tences personnelles et professionnelles. Soins du visage, des mains et des pieds. Proth\u00e9siste ongulaire et nail art : Donnez des ongles \u00e0 celles et ceux qui n&#039;en ont pas est un vrai m\u00e9tier !\",\"potentialAction\":[{\"@type\":\"SearchAction\",\"target\":{\"@type\":\"EntryPoint\",\"urlTemplate\":\"https:\\\/\\\/www.patriciafink.fr\\\/?s={search_term_string}\"},\"query-input\":{\"@type\":\"PropertyValueSpecification\",\"valueRequired\":true,\"valueName\":\"search_term_string\"}}],\"inLanguage\":\"fr-FR\"},{\"@type\":\"Person\",\"@id\":\"https:\\\/\\\/www.patriciafink.fr\\\/#\\\/schema\\\/person\\\/9754a9ce04dbf906cbe567423bf8ca76\",\"name\":\"Patricia FINK\",\"image\":{\"@type\":\"ImageObject\",\"inLanguage\":\"fr-FR\",\"@id\":\"https:\\\/\\\/secure.gravatar.com\\\/avatar\\\/4b60931213838afc62f8bdfa6924d8ed85616592391271bf42b6649e158bee3e?s=96&d=mm&r=g\",\"url\":\"https:\\\/\\\/secure.gravatar.com\\\/avatar\\\/4b60931213838afc62f8bdfa6924d8ed85616592391271bf42b6649e158bee3e?s=96&d=mm&r=g\",\"contentUrl\":\"https:\\\/\\\/secure.gravatar.com\\\/avatar\\\/4b60931213838afc62f8bdfa6924d8ed85616592391271bf42b6649e158bee3e?s=96&d=mm&r=g\",\"caption\":\"Patricia FINK\"},\"description\":\"\u00ab L\u2019ignorant affirme, le savant doute et le sage r\u00e9fl\u00e9chit \u00bb Le bonheur est contagieux, il y a toujours du positif dans notre vie, il nous suffit d'ouvrir les yeux !\",\"sameAs\":[\"https:\\\/\\\/www.patriciafink.fr\\\/\\\/\",\"https:\\\/\\\/www.facebook.com\\\/patricia.gautonfinkblin\\\/\",\"https:\\\/\\\/www.instagram.com\\\/hypnoseenchantee\\\/\",\"https:\\\/\\\/www.pinterest.fr\\\/hypnoseenchanteefabricecazorla\\\/\",\"https:\\\/\\\/youtube.com\\\/channel\\\/UCLVWMN6DDBPHwdtFflIfNtA\"],\"url\":\"https:\\\/\\\/www.patriciafink.fr\\\/index.php\\\/author\\\/patricia\\\/\"}]}<\/script>\n<!-- \/ Yoast SEO plugin. -->","yoast_head_json":{"title":"Escale beaut\u00e9 et un instant zen","description":"Escale beaut\u00e9 et un instant zen. D\u00e9contractez-vous lors d'un soin esth\u00e9tique, d'une pose d'ongles ou d\u2019une s\u00e9ance d'hypnoth\u00e9rapie en Bretagne.","robots":{"index":"index","follow":"follow","max-snippet":"max-snippet:-1","max-image-preview":"max-image-preview:large","max-video-preview":"max-video-preview:-1"},"canonical":"https:\/\/www.patriciafink.fr\/index.php\/2023\/10\/03\/escale-beaute-et-un-instant-zen-en-bretagne\/","og_locale":"fr_FR","og_type":"article","og_title":"Escale beaut\u00e9 et un instant zen","og_description":"Escale beaut\u00e9 et un instant zen. D\u00e9contractez-vous lors d'un soin esth\u00e9tique, d'une pose d'ongles ou d\u2019une s\u00e9ance d'hypnoth\u00e9rapie en Bretagne.","og_url":"https:\/\/www.patriciafink.fr\/index.php\/2023\/10\/03\/escale-beaute-et-un-instant-zen-en-bretagne\/","og_site_name":"Patricia Fink","article_author":"https:\/\/www.facebook.com\/patricia.gautonfinkblin\/","article_published_time":"2023-10-03T09:49:46+00:00","article_modified_time":"2026-04-03T13:33:45+00:00","og_image":[{"width":2121,"height":1414,"url":"https:\/\/www.patriciafink.fr\/wp-content\/uploads\/2023\/10\/iStock-921797362.jpg","type":"image\/jpeg"}],"author":"Patricia FINK","twitter_card":"summary_large_image","twitter_misc":{"\u00c9crit par":"Patricia FINK","Dur\u00e9e de lecture estim\u00e9e":"5 minutes"},"schema":{"@context":"https:\/\/schema.org","@graph":[{"@type":"Article","@id":"https:\/\/www.patriciafink.fr\/index.php\/2023\/10\/03\/escale-beaute-et-un-instant-zen-en-bretagne\/#article","isPartOf":{"@id":"https:\/\/www.patriciafink.fr\/index.php\/2023\/10\/03\/escale-beaute-et-un-instant-zen-en-bretagne\/"},"author":{"name":"Patricia FINK","@id":"https:\/\/www.patriciafink.fr\/#\/schema\/person\/9754a9ce04dbf906cbe567423bf8ca76"},"headline":"Escale beaut\u00e9 et un instant zen en Bretagne. Prestations et Tarifs.","datePublished":"2023-10-03T09:49:46+00:00","dateModified":"2026-04-03T13:33:45+00:00","mainEntityOfPage":{"@id":"https:\/\/www.patriciafink.fr\/index.php\/2023\/10\/03\/escale-beaute-et-un-instant-zen-en-bretagne\/"},"wordCount":715,"commentCount":0,"image":{"@id":"https:\/\/www.patriciafink.fr\/index.php\/2023\/10\/03\/escale-beaute-et-un-instant-zen-en-bretagne\/#primaryimage"},"thumbnailUrl":"https:\/\/www.patriciafink.fr\/wp-content\/uploads\/2023\/10\/iStock-921797362.jpg","keywords":["esthetique","hypnose a parthenay de bretagne","hypnoth\u00e9rapeute parthenay de bretagne","institu de beaut\u00e9 a parthenay de bretagne","institut de beaut\u00e9","pose d ongles parthenay de bretagne","proth\u00e9siste ngulaire parthenay de bretagne","soins anti age","soins des mains","soins des pieds","soins du visage"],"articleSection":["Hypnose th\u00e9rapeutique","Soins esth\u00e9tique - Escale beaut\u00e9 et instant zen"],"inLanguage":"fr-FR","potentialAction":[{"@type":"CommentAction","name":"Comment","target":["https:\/\/www.patriciafink.fr\/index.php\/2023\/10\/03\/escale-beaute-et-un-instant-zen-en-bretagne\/#respond"]}]},{"@type":"WebPage","@id":"https:\/\/www.patriciafink.fr\/index.php\/2023\/10\/03\/escale-beaute-et-un-instant-zen-en-bretagne\/","url":"https:\/\/www.patriciafink.fr\/index.php\/2023\/10\/03\/escale-beaute-et-un-instant-zen-en-bretagne\/","name":"Escale beaut\u00e9 et un instant zen","isPartOf":{"@id":"https:\/\/www.patriciafink.fr\/#website"},"primaryImageOfPage":{"@id":"https:\/\/www.patriciafink.fr\/index.php\/2023\/10\/03\/escale-beaute-et-un-instant-zen-en-bretagne\/#primaryimage"},"image":{"@id":"https:\/\/www.patriciafink.fr\/index.php\/2023\/10\/03\/escale-beaute-et-un-instant-zen-en-bretagne\/#primaryimage"},"thumbnailUrl":"https:\/\/www.patriciafink.fr\/wp-content\/uploads\/2023\/10\/iStock-921797362.jpg","datePublished":"2023-10-03T09:49:46+00:00","dateModified":"2026-04-03T13:33:45+00:00","author":{"@id":"https:\/\/www.patriciafink.fr\/#\/schema\/person\/9754a9ce04dbf906cbe567423bf8ca76"},"description":"Escale beaut\u00e9 et un instant zen. D\u00e9contractez-vous lors d'un soin esth\u00e9tique, d'une pose d'ongles ou d\u2019une s\u00e9ance d'hypnoth\u00e9rapie en Bretagne.","breadcrumb":{"@id":"https:\/\/www.patriciafink.fr\/index.php\/2023\/10\/03\/escale-beaute-et-un-instant-zen-en-bretagne\/#breadcrumb"},"inLanguage":"fr-FR","potentialAction":[{"@type":"ReadAction","target":["https:\/\/www.patriciafink.fr\/index.php\/2023\/10\/03\/escale-beaute-et-un-instant-zen-en-bretagne\/"]}]},{"@type":"ImageObject","inLanguage":"fr-FR","@id":"https:\/\/www.patriciafink.fr\/index.php\/2023\/10\/03\/escale-beaute-et-un-instant-zen-en-bretagne\/#primaryimage","url":"https:\/\/www.patriciafink.fr\/wp-content\/uploads\/2023\/10\/iStock-921797362.jpg","contentUrl":"https:\/\/www.patriciafink.fr\/wp-content\/uploads\/2023\/10\/iStock-921797362.jpg","width":2121,"height":1414,"caption":"Beautiful woman at a facial massage at a spa salon."},{"@type":"BreadcrumbList","@id":"https:\/\/www.patriciafink.fr\/index.php\/2023\/10\/03\/escale-beaute-et-un-instant-zen-en-bretagne\/#breadcrumb","itemListElement":[{"@type":"ListItem","position":1,"name":"Accueil","item":"https:\/\/www.patriciafink.fr\/"},{"@type":"ListItem","position":2,"name":"Escale beaut\u00e9 et un instant zen en Bretagne. Prestations et Tarifs."}]},{"@type":"WebSite","@id":"https:\/\/www.patriciafink.fr\/#website","url":"https:\/\/www.patriciafink.fr\/","name":"Patricia Fink","description":"Hypnoth\u00e9rapie et esth\u00e9tique. D\u00e9velopper son potentiel ainsi que ses comp\u00e9tences personnelles et professionnelles. Soins du visage, des mains et des pieds. Proth\u00e9siste ongulaire et nail art : Donnez des ongles \u00e0 celles et ceux qui n&#039;en ont pas est un vrai m\u00e9tier !","potentialAction":[{"@type":"SearchAction","target":{"@type":"EntryPoint","urlTemplate":"https:\/\/www.patriciafink.fr\/?s={search_term_string}"},"query-input":{"@type":"PropertyValueSpecification","valueRequired":true,"valueName":"search_term_string"}}],"inLanguage":"fr-FR"},{"@type":"Person","@id":"https:\/\/www.patriciafink.fr\/#\/schema\/person\/9754a9ce04dbf906cbe567423bf8ca76","name":"Patricia FINK","image":{"@type":"ImageObject","inLanguage":"fr-FR","@id":"https:\/\/secure.gravatar.com\/avatar\/4b60931213838afc62f8bdfa6924d8ed85616592391271bf42b6649e158bee3e?s=96&d=mm&r=g","url":"https:\/\/secure.gravatar.com\/avatar\/4b60931213838afc62f8bdfa6924d8ed85616592391271bf42b6649e158bee3e?s=96&d=mm&r=g","contentUrl":"https:\/\/secure.gravatar.com\/avatar\/4b60931213838afc62f8bdfa6924d8ed85616592391271bf42b6649e158bee3e?s=96&d=mm&r=g","caption":"Patricia FINK"},"description":"\u00ab L\u2019ignorant affirme, le savant doute et le sage r\u00e9fl\u00e9chit \u00bb Le bonheur est contagieux, il y a toujours du positif dans notre vie, il nous suffit d'ouvrir les yeux !","sameAs":["https:\/\/www.patriciafink.fr\/\/","https:\/\/www.facebook.com\/patricia.gautonfinkblin\/","https:\/\/www.instagram.com\/hypnoseenchantee\/","https:\/\/www.pinterest.fr\/hypnoseenchanteefabricecazorla\/","https:\/\/youtube.com\/channel\/UCLVWMN6DDBPHwdtFflIfNtA"],"url":"https:\/\/www.patriciafink.fr\/index.php\/author\/patricia\/"}]}},"_links":{"self":[{"href":"https:\/\/www.patriciafink.fr\/index.php\/wp-json\/wp\/v2\/posts\/404","targetHints":{"allow":["GET"]}}],"collection":[{"href":"https:\/\/www.patriciafink.fr\/index.php\/wp-json\/wp\/v2\/posts"}],"about":[{"href":"https:\/\/www.patriciafink.fr\/index.php\/wp-json\/wp\/v2\/types\/post"}],"author":[{"embeddable":true,"href":"https:\/\/www.patriciafink.fr\/index.php\/wp-json\/wp\/v2\/users\/1"}],"replies":[{"embeddable":true,"href":"https:\/\/www.patriciafink.fr\/index.php\/wp-json\/wp\/v2\/comments?post=404"}],"version-history":[{"count":16,"href":"https:\/\/www.patriciafink.fr\/index.php\/wp-json\/wp\/v2\/posts\/404\/revisions"}],"predecessor-version":[{"id":471,"href":"https:\/\/www.patriciafink.fr\/index.php\/wp-json\/wp\/v2\/posts\/404\/revisions\/471"}],"wp:featuredmedia":[{"embeddable":true,"href":"https:\/\/www.patriciafink.fr\/index.php\/wp-json\/wp\/v2\/media\/380"}],"wp:attachment":[{"href":"https:\/\/www.patriciafink.fr\/index.php\/wp-json\/wp\/v2\/media?parent=404"}],"wp:term":[{"taxonomy":"category","embeddable":true,"href":"https:\/\/www.patriciafink.fr\/index.php\/wp-json\/wp\/v2\/categories?post=404"},{"taxonomy":"post_tag","embeddable":true,"href":"https:\/\/www.patriciafink.fr\/index.php\/wp-json\/wp\/v2\/tags?post=404"}],"curies":[{"name":"wp","href":"https:\/\/api.w.org\/{rel}","templated":true}]}}